
{"id":2793,"date":"2016-03-23T12:14:05","date_gmt":"2016-03-23T11:14:05","guid":{"rendered":"http:\/\/www.coachrelax.fr\/blog\/?p=2793"},"modified":"2023-09-08T16:30:52","modified_gmt":"2023-09-08T15:30:52","slug":"changement-heure","status":"publish","type":"post","link":"https:\/\/www.coachrelax.fr\/blog\/changement-heure\/","title":{"rendered":"Changement d&#8217;heure : passage \u00e0 l&#8217;heure d&#8217;\u00e9t\u00e9, heure d&#8217;hiver"},"content":{"rendered":"<p><a href=\"https:\/\/www.coachrelax.fr\/blog\/wp-content\/uploads\/2016\/03\/changement-heure-ete.jpg\" rel=\"attachment wp-att-2794\"><img loading=\"lazy\" decoding=\"async\" class=\"size-full wp-image-2794 aligncenter\" src=\"https:\/\/www.coachrelax.fr\/blog\/wp-content\/uploads\/2016\/03\/changement-heure-ete.jpg\" alt=\"changement heure ete\" width=\"600\" height=\"458\" srcset=\"https:\/\/www.coachrelax.fr\/blog\/wp-content\/uploads\/2016\/03\/changement-heure-ete.jpg 600w, https:\/\/www.coachrelax.fr\/blog\/wp-content\/uploads\/2016\/03\/changement-heure-ete-768x586.jpg 768w\" sizes=\"auto, (max-width: 600px) 100vw, 600px\" \/><\/a><\/p>\n<h1>Changement heure<\/h1>\n<p>En France, nous sommes habitu\u00e9s \u00e0 ce rituel printanier et hivernal, et il est rare que le changement heure provoque encore\u00a0des petits soucis pour les Rendez-vous, la semaine qui suit le passage \u00e0 l&#8217;heure d&#8217;hiver ou le passage \u00e0 l&#8217;heure d&#8217;\u00e9t\u00e9.<br \/>\nDans d&#8217;autres pays, \u00a0le changement heure se fait les memes week-ends qu&#8217;en France, mais pose quelques probl\u00e8mes d&#8217;adaptation. Lorsque j&#8217;\u00e9tais au Maroc, quelqu&#8217;un m&#8217;a dit un jour, 15 jours apr\u00e8s le passage \u00e0 l&#8217;heure d&#8217;\u00e9t\u00e9: : &#8220;on nous a pris 1 heure! alors je suis perdu&#8221;.\u00a0Il est vrai qu&#8217;ils changent d&#8217;heure \u00e9galement lorsque le Ramadan tombe pendant la p\u00e9riode d&#8217;\u00e9t\u00e9, alors il y a de quoi se perdre!<br \/>\nMais o\u00f9 est-elle donc partie o\u00f9 cette heure l\u00e0?<\/p>\n<p>En 2023, <strong>\u00a0Voici les dates pour tout comprendre<\/strong><\/p>\n<h2>changement heure d&#8217;\u00e9t\u00e9 le dimanche 26 mars 2023:<\/h2>\n<p>\u00e0 2 heures du matin, il faudra avancer les horloges et montres d&#8217; une heure: il sera donc 3 heures du matin<\/p>\n<h2>\u00a0changement heure d&#8217;hiver le dimanche 29 octobre 2023<\/h2>\n<p>\u00e0 3h du matin il faudra donc reculer vos montres\u00a0d\u2019une heure: il sera donc 2h.<\/p>\n<h4><\/h4>\n<div class=\"AW-Form-1785604557\">\u00a0<span style=\"text-decoration: underline;\">A noter:<\/span><\/div>\n<p>En Europe, les \u00e9tats membres de l&#8217;Union europ\u00e9enne ont choisi de coordonner le changement d&#8217;heure, et de choisir la m\u00eame date pour le passage \u00e0 l&#8217;heure d&#8217;hiver et \u00e0 l&#8217;heure d&#8217;\u00e9t\u00e9. Les discussions sont en cours pour arr\u00eater le changement d&#8217;heure, un jour peut-\u00eatre&#8230;.<\/p>\n<p>&nbsp;<\/p>\n<p>&nbsp;<\/p>\n","protected":false},"excerpt":{"rendered":"<p>Changement heure En France, nous sommes habitu\u00e9s \u00e0 ce rituel printanier et hivernal, et il est rare que le changement heure provoque encore\u00a0des petits soucis pour les Rendez-vous, la semaine qui suit le passage \u00e0 l&#8217;heure d&#8217;hiver ou le passage \u00e0 l&#8217;heure d&#8217;\u00e9t\u00e9. Dans d&#8217;autres pays, \u00a0le changement heure se fait les memes week-ends qu&#8217;en [&hellip;]<\/p>\n","protected":false},"author":1,"featured_media":2794,"comment_status":"closed","ping_status":"closed","sticky":false,"template":"","format":"standard","meta":{"footnotes":""},"categories":[1],"tags":[474,525,473,476,475,481],"class_list":["post-2793","post","type-post","status-publish","format-standard","has-post-thumbnail","hentry","category-actualites","tag-changement-dheure","tag-changement-heure-france","tag-heure-ete","tag-heure-hiver","tag-passage-heure-dete","tag-passage-heure-hiver"],"yoast_head":"<!-- This site is optimized with the Yoast SEO plugin v27.5 - https:\/\/yoast.com\/product\/yoast-seo-wordpress\/ -->\n<title>Changement heure: heure \u00e9t\u00e9, heure hiver en France<\/title>\n<meta name=\"description\" content=\"Changement heure en France: dates et heures de passage \u00e0 l&#039;heure d&#039;\u00e9t\u00e9 et d&#039;hiver pour l&#039;europe\" \/>\n<meta name=\"robots\" content=\"index, follow, max-snippet:-1, max-image-preview:large, max-video-preview:-1\" \/>\n<link rel=\"canonical\" href=\"https:\/\/www.coachrelax.fr\/blog\/changement-heure\/\" \/>\n<meta property=\"og:locale\" content=\"fr_FR\" \/>\n<meta property=\"og:type\" content=\"article\" \/>\n<meta property=\"og:title\" content=\"Changement heure: heure \u00e9t\u00e9, heure hiver en France\" \/>\n<meta property=\"og:description\" content=\"Changement heure 2017 en France: dates et heures de passage \u00e0 l&#039;heure d&#039;\u00e9t\u00e9 et d&#039;hiver pour l&#039;europe\" \/>\n<meta property=\"og:url\" content=\"https:\/\/www.coachrelax.fr\/blog\/changement-heure\/\" \/>\n<meta property=\"og:site_name\" content=\"COACH RELAX, le BLOG\" \/>\n<meta property=\"article:publisher\" content=\"https:\/\/www.facebook.com\/CoachRelax.fr\/\" \/>\n<meta property=\"article:published_time\" content=\"2016-03-23T11:14:05+00:00\" \/>\n<meta property=\"article:modified_time\" content=\"2023-09-08T15:30:52+00:00\" \/>\n<meta property=\"og:image\" content=\"https:\/\/www.coachrelax.fr\/blog\/wp-content\/uploads\/2016\/03\/changement-heure-ete.jpg\" \/>\n\t<meta property=\"og:image:width\" content=\"600\" \/>\n\t<meta property=\"og:image:height\" content=\"458\" \/>\n\t<meta property=\"og:image:type\" content=\"image\/jpeg\" \/>\n<meta name=\"author\" content=\"H\u00e9l\u00e8ne , Coach Relax\" \/>\n<meta name=\"twitter:card\" content=\"summary_large_image\" \/>\n<meta name=\"twitter:title\" content=\"Changement heure: heure \u00e9t\u00e9, heure hiver en France\" \/>\n<meta name=\"twitter:description\" content=\"Changement heure 2017 en France: dates et heures de passage \u00e0 l&#039;heure d&#039;\u00e9t\u00e9 et d&#039;hiver pour l&#039;europe\" \/>\n<meta name=\"twitter:image\" content=\"http:\/\/www.coachrelax.fr\/blog\/wp-content\/uploads\/2016\/03\/changement-heure-ete.jpg\" \/>\n<meta name=\"twitter:creator\" content=\"@coachrelax\" \/>\n<meta name=\"twitter:site\" content=\"@coachrelax\" \/>\n<meta name=\"twitter:label1\" content=\"\u00c9crit par\" \/>\n\t<meta name=\"twitter:data1\" content=\"H\u00e9l\u00e8ne , Coach Relax\" \/>\n\t<meta name=\"twitter:label2\" content=\"Dur\u00e9e de lecture estim\u00e9e\" \/>\n\t<meta name=\"twitter:data2\" content=\"2 minutes\" \/>\n<script type=\"application\/ld+json\" class=\"yoast-schema-graph\">{\"@context\":\"https:\\\/\\\/schema.org\",\"@graph\":[{\"@type\":\"Article\",\"@id\":\"https:\\\/\\\/www.coachrelax.fr\\\/blog\\\/changement-heure\\\/#article\",\"isPartOf\":{\"@id\":\"https:\\\/\\\/www.coachrelax.fr\\\/blog\\\/changement-heure\\\/\"},\"author\":{\"name\":\"H\u00e9l\u00e8ne , Coach Relax\",\"@id\":\"https:\\\/\\\/www.coachrelax.fr\\\/blog\\\/#\\\/schema\\\/person\\\/a23338f3f98fe47fb1e04ac773cb5ff0\"},\"headline\":\"Changement d&#8217;heure : passage \u00e0 l&#8217;heure d&#8217;\u00e9t\u00e9, heure d&#8217;hiver\",\"datePublished\":\"2016-03-23T11:14:05+00:00\",\"dateModified\":\"2023-09-08T15:30:52+00:00\",\"mainEntityOfPage\":{\"@id\":\"https:\\\/\\\/www.coachrelax.fr\\\/blog\\\/changement-heure\\\/\"},\"wordCount\":237,\"publisher\":{\"@id\":\"https:\\\/\\\/www.coachrelax.fr\\\/blog\\\/#organization\"},\"image\":{\"@id\":\"https:\\\/\\\/www.coachrelax.fr\\\/blog\\\/changement-heure\\\/#primaryimage\"},\"thumbnailUrl\":\"https:\\\/\\\/www.coachrelax.fr\\\/blog\\\/wp-content\\\/uploads\\\/2016\\\/03\\\/changement-heure-ete.jpg\",\"keywords\":[\"changement d'heure\",\"changement heure france\",\"heure ete\",\"heure hiver\",\"passage heure d'\u00e9t\u00e9\",\"passage heure hiver\"],\"articleSection\":[\"Actualit\u00e9s, Stages, Revue de presse, Formations\"],\"inLanguage\":\"fr-FR\"},{\"@type\":\"WebPage\",\"@id\":\"https:\\\/\\\/www.coachrelax.fr\\\/blog\\\/changement-heure\\\/\",\"url\":\"https:\\\/\\\/www.coachrelax.fr\\\/blog\\\/changement-heure\\\/\",\"name\":\"Changement heure: heure \u00e9t\u00e9, heure hiver en France\",\"isPartOf\":{\"@id\":\"https:\\\/\\\/www.coachrelax.fr\\\/blog\\\/#website\"},\"primaryImageOfPage\":{\"@id\":\"https:\\\/\\\/www.coachrelax.fr\\\/blog\\\/changement-heure\\\/#primaryimage\"},\"image\":{\"@id\":\"https:\\\/\\\/www.coachrelax.fr\\\/blog\\\/changement-heure\\\/#primaryimage\"},\"thumbnailUrl\":\"https:\\\/\\\/www.coachrelax.fr\\\/blog\\\/wp-content\\\/uploads\\\/2016\\\/03\\\/changement-heure-ete.jpg\",\"datePublished\":\"2016-03-23T11:14:05+00:00\",\"dateModified\":\"2023-09-08T15:30:52+00:00\",\"description\":\"Changement heure en France: dates et heures de passage \u00e0 l'heure d'\u00e9t\u00e9 et d'hiver pour l'europe\",\"breadcrumb\":{\"@id\":\"https:\\\/\\\/www.coachrelax.fr\\\/blog\\\/changement-heure\\\/#breadcrumb\"},\"inLanguage\":\"fr-FR\",\"potentialAction\":[{\"@type\":\"ReadAction\",\"target\":[\"https:\\\/\\\/www.coachrelax.fr\\\/blog\\\/changement-heure\\\/\"]}]},{\"@type\":\"ImageObject\",\"inLanguage\":\"fr-FR\",\"@id\":\"https:\\\/\\\/www.coachrelax.fr\\\/blog\\\/changement-heure\\\/#primaryimage\",\"url\":\"https:\\\/\\\/www.coachrelax.fr\\\/blog\\\/wp-content\\\/uploads\\\/2016\\\/03\\\/changement-heure-ete.jpg\",\"contentUrl\":\"https:\\\/\\\/www.coachrelax.fr\\\/blog\\\/wp-content\\\/uploads\\\/2016\\\/03\\\/changement-heure-ete.jpg\",\"width\":600,\"height\":458,\"caption\":\"changement heure ete\"},{\"@type\":\"BreadcrumbList\",\"@id\":\"https:\\\/\\\/www.coachrelax.fr\\\/blog\\\/changement-heure\\\/#breadcrumb\",\"itemListElement\":[{\"@type\":\"ListItem\",\"position\":1,\"name\":\"Accueil\",\"item\":\"https:\\\/\\\/www.coachrelax.fr\\\/blog\\\/\"},{\"@type\":\"ListItem\",\"position\":2,\"name\":\"Changement d&rsquo;heure : passage \u00e0 l&rsquo;heure d&rsquo;\u00e9t\u00e9, heure d&rsquo;hiver\"}]},{\"@type\":\"WebSite\",\"@id\":\"https:\\\/\\\/www.coachrelax.fr\\\/blog\\\/#website\",\"url\":\"https:\\\/\\\/www.coachrelax.fr\\\/blog\\\/\",\"name\":\"COACH RELAX, le BLOG\",\"description\":\"\",\"publisher\":{\"@id\":\"https:\\\/\\\/www.coachrelax.fr\\\/blog\\\/#organization\"},\"potentialAction\":[{\"@type\":\"SearchAction\",\"target\":{\"@type\":\"EntryPoint\",\"urlTemplate\":\"https:\\\/\\\/www.coachrelax.fr\\\/blog\\\/?s={search_term_string}\"},\"query-input\":{\"@type\":\"PropertyValueSpecification\",\"valueRequired\":true,\"valueName\":\"search_term_string\"}}],\"inLanguage\":\"fr-FR\"},{\"@type\":\"Organization\",\"@id\":\"https:\\\/\\\/www.coachrelax.fr\\\/blog\\\/#organization\",\"name\":\"Coach Relax\",\"url\":\"https:\\\/\\\/www.coachrelax.fr\\\/blog\\\/\",\"logo\":{\"@type\":\"ImageObject\",\"inLanguage\":\"fr-FR\",\"@id\":\"https:\\\/\\\/www.coachrelax.fr\\\/blog\\\/#\\\/schema\\\/logo\\\/image\\\/\",\"url\":\"http:\\\/\\\/www.coachrelax.fr\\\/blog\\\/wp-content\\\/uploads\\\/2016\\\/03\\\/cropped-Logo-bleu-clair-reduit.jpg\",\"contentUrl\":\"http:\\\/\\\/www.coachrelax.fr\\\/blog\\\/wp-content\\\/uploads\\\/2016\\\/03\\\/cropped-Logo-bleu-clair-reduit.jpg\",\"width\":512,\"height\":512,\"caption\":\"Coach Relax\"},\"image\":{\"@id\":\"https:\\\/\\\/www.coachrelax.fr\\\/blog\\\/#\\\/schema\\\/logo\\\/image\\\/\"},\"sameAs\":[\"https:\\\/\\\/www.facebook.com\\\/CoachRelax.fr\\\/\",\"https:\\\/\\\/x.com\\\/coachrelax\",\"http:\\\/\\\/www.linkedin.com\\\/in\\\/coachrelax\",\"http:\\\/\\\/www.pinterest.com\\\/coachrelax\",\"http:\\\/\\\/www.youtube.com\\\/user\\\/CoachRelax\"]},{\"@type\":\"Person\",\"@id\":\"https:\\\/\\\/www.coachrelax.fr\\\/blog\\\/#\\\/schema\\\/person\\\/a23338f3f98fe47fb1e04ac773cb5ff0\",\"name\":\"H\u00e9l\u00e8ne , Coach Relax\",\"image\":{\"@type\":\"ImageObject\",\"inLanguage\":\"fr-FR\",\"@id\":\"https:\\\/\\\/secure.gravatar.com\\\/avatar\\\/dc4ae68a78eeda0f5fb219d815686bf276e4f1959e27abad8ad15afbea592a3b?s=96&d=mm&r=g\",\"url\":\"https:\\\/\\\/secure.gravatar.com\\\/avatar\\\/dc4ae68a78eeda0f5fb219d815686bf276e4f1959e27abad8ad15afbea592a3b?s=96&d=mm&r=g\",\"contentUrl\":\"https:\\\/\\\/secure.gravatar.com\\\/avatar\\\/dc4ae68a78eeda0f5fb219d815686bf276e4f1959e27abad8ad15afbea592a3b?s=96&d=mm&r=g\",\"caption\":\"H\u00e9l\u00e8ne , Coach Relax\"},\"sameAs\":[\"http:\\\/\\\/www.coachrelax.fr\\\/blog\"]}]}<\/script>\n<!-- \/ Yoast SEO plugin. -->","yoast_head_json":{"title":"Changement heure: heure \u00e9t\u00e9, heure hiver en France","description":"Changement heure en France: dates et heures de passage \u00e0 l'heure d'\u00e9t\u00e9 et d'hiver pour l'europe","robots":{"index":"index","follow":"follow","max-snippet":"max-snippet:-1","max-image-preview":"max-image-preview:large","max-video-preview":"max-video-preview:-1"},"canonical":"https:\/\/www.coachrelax.fr\/blog\/changement-heure\/","og_locale":"fr_FR","og_type":"article","og_title":"Changement heure: heure \u00e9t\u00e9, heure hiver en France","og_description":"Changement heure 2017 en France: dates et heures de passage \u00e0 l'heure d'\u00e9t\u00e9 et d'hiver pour l'europe","og_url":"https:\/\/www.coachrelax.fr\/blog\/changement-heure\/","og_site_name":"COACH RELAX, le BLOG","article_publisher":"https:\/\/www.facebook.com\/CoachRelax.fr\/","article_published_time":"2016-03-23T11:14:05+00:00","article_modified_time":"2023-09-08T15:30:52+00:00","og_image":[{"width":600,"height":458,"url":"https:\/\/www.coachrelax.fr\/blog\/wp-content\/uploads\/2016\/03\/changement-heure-ete.jpg","type":"image\/jpeg"}],"author":"H\u00e9l\u00e8ne , Coach Relax","twitter_card":"summary_large_image","twitter_title":"Changement heure: heure \u00e9t\u00e9, heure hiver en France","twitter_description":"Changement heure 2017 en France: dates et heures de passage \u00e0 l'heure d'\u00e9t\u00e9 et d'hiver pour l'europe","twitter_image":"http:\/\/www.coachrelax.fr\/blog\/wp-content\/uploads\/2016\/03\/changement-heure-ete.jpg","twitter_creator":"@coachrelax","twitter_site":"@coachrelax","twitter_misc":{"\u00c9crit par":"H\u00e9l\u00e8ne , Coach Relax","Dur\u00e9e de lecture estim\u00e9e":"2 minutes"},"schema":{"@context":"https:\/\/schema.org","@graph":[{"@type":"Article","@id":"https:\/\/www.coachrelax.fr\/blog\/changement-heure\/#article","isPartOf":{"@id":"https:\/\/www.coachrelax.fr\/blog\/changement-heure\/"},"author":{"name":"H\u00e9l\u00e8ne , Coach Relax","@id":"https:\/\/www.coachrelax.fr\/blog\/#\/schema\/person\/a23338f3f98fe47fb1e04ac773cb5ff0"},"headline":"Changement d&#8217;heure : passage \u00e0 l&#8217;heure d&#8217;\u00e9t\u00e9, heure d&#8217;hiver","datePublished":"2016-03-23T11:14:05+00:00","dateModified":"2023-09-08T15:30:52+00:00","mainEntityOfPage":{"@id":"https:\/\/www.coachrelax.fr\/blog\/changement-heure\/"},"wordCount":237,"publisher":{"@id":"https:\/\/www.coachrelax.fr\/blog\/#organization"},"image":{"@id":"https:\/\/www.coachrelax.fr\/blog\/changement-heure\/#primaryimage"},"thumbnailUrl":"https:\/\/www.coachrelax.fr\/blog\/wp-content\/uploads\/2016\/03\/changement-heure-ete.jpg","keywords":["changement d'heure","changement heure france","heure ete","heure hiver","passage heure d'\u00e9t\u00e9","passage heure hiver"],"articleSection":["Actualit\u00e9s, Stages, Revue de presse, Formations"],"inLanguage":"fr-FR"},{"@type":"WebPage","@id":"https:\/\/www.coachrelax.fr\/blog\/changement-heure\/","url":"https:\/\/www.coachrelax.fr\/blog\/changement-heure\/","name":"Changement heure: heure \u00e9t\u00e9, heure hiver en France","isPartOf":{"@id":"https:\/\/www.coachrelax.fr\/blog\/#website"},"primaryImageOfPage":{"@id":"https:\/\/www.coachrelax.fr\/blog\/changement-heure\/#primaryimage"},"image":{"@id":"https:\/\/www.coachrelax.fr\/blog\/changement-heure\/#primaryimage"},"thumbnailUrl":"https:\/\/www.coachrelax.fr\/blog\/wp-content\/uploads\/2016\/03\/changement-heure-ete.jpg","datePublished":"2016-03-23T11:14:05+00:00","dateModified":"2023-09-08T15:30:52+00:00","description":"Changement heure en France: dates et heures de passage \u00e0 l'heure d'\u00e9t\u00e9 et d'hiver pour l'europe","breadcrumb":{"@id":"https:\/\/www.coachrelax.fr\/blog\/changement-heure\/#breadcrumb"},"inLanguage":"fr-FR","potentialAction":[{"@type":"ReadAction","target":["https:\/\/www.coachrelax.fr\/blog\/changement-heure\/"]}]},{"@type":"ImageObject","inLanguage":"fr-FR","@id":"https:\/\/www.coachrelax.fr\/blog\/changement-heure\/#primaryimage","url":"https:\/\/www.coachrelax.fr\/blog\/wp-content\/uploads\/2016\/03\/changement-heure-ete.jpg","contentUrl":"https:\/\/www.coachrelax.fr\/blog\/wp-content\/uploads\/2016\/03\/changement-heure-ete.jpg","width":600,"height":458,"caption":"changement heure ete"},{"@type":"BreadcrumbList","@id":"https:\/\/www.coachrelax.fr\/blog\/changement-heure\/#breadcrumb","itemListElement":[{"@type":"ListItem","position":1,"name":"Accueil","item":"https:\/\/www.coachrelax.fr\/blog\/"},{"@type":"ListItem","position":2,"name":"Changement d&rsquo;heure : passage \u00e0 l&rsquo;heure d&rsquo;\u00e9t\u00e9, heure d&rsquo;hiver"}]},{"@type":"WebSite","@id":"https:\/\/www.coachrelax.fr\/blog\/#website","url":"https:\/\/www.coachrelax.fr\/blog\/","name":"COACH RELAX, le BLOG","description":"","publisher":{"@id":"https:\/\/www.coachrelax.fr\/blog\/#organization"},"potentialAction":[{"@type":"SearchAction","target":{"@type":"EntryPoint","urlTemplate":"https:\/\/www.coachrelax.fr\/blog\/?s={search_term_string}"},"query-input":{"@type":"PropertyValueSpecification","valueRequired":true,"valueName":"search_term_string"}}],"inLanguage":"fr-FR"},{"@type":"Organization","@id":"https:\/\/www.coachrelax.fr\/blog\/#organization","name":"Coach Relax","url":"https:\/\/www.coachrelax.fr\/blog\/","logo":{"@type":"ImageObject","inLanguage":"fr-FR","@id":"https:\/\/www.coachrelax.fr\/blog\/#\/schema\/logo\/image\/","url":"http:\/\/www.coachrelax.fr\/blog\/wp-content\/uploads\/2016\/03\/cropped-Logo-bleu-clair-reduit.jpg","contentUrl":"http:\/\/www.coachrelax.fr\/blog\/wp-content\/uploads\/2016\/03\/cropped-Logo-bleu-clair-reduit.jpg","width":512,"height":512,"caption":"Coach Relax"},"image":{"@id":"https:\/\/www.coachrelax.fr\/blog\/#\/schema\/logo\/image\/"},"sameAs":["https:\/\/www.facebook.com\/CoachRelax.fr\/","https:\/\/x.com\/coachrelax","http:\/\/www.linkedin.com\/in\/coachrelax","http:\/\/www.pinterest.com\/coachrelax","http:\/\/www.youtube.com\/user\/CoachRelax"]},{"@type":"Person","@id":"https:\/\/www.coachrelax.fr\/blog\/#\/schema\/person\/a23338f3f98fe47fb1e04ac773cb5ff0","name":"H\u00e9l\u00e8ne , Coach Relax","image":{"@type":"ImageObject","inLanguage":"fr-FR","@id":"https:\/\/secure.gravatar.com\/avatar\/dc4ae68a78eeda0f5fb219d815686bf276e4f1959e27abad8ad15afbea592a3b?s=96&d=mm&r=g","url":"https:\/\/secure.gravatar.com\/avatar\/dc4ae68a78eeda0f5fb219d815686bf276e4f1959e27abad8ad15afbea592a3b?s=96&d=mm&r=g","contentUrl":"https:\/\/secure.gravatar.com\/avatar\/dc4ae68a78eeda0f5fb219d815686bf276e4f1959e27abad8ad15afbea592a3b?s=96&d=mm&r=g","caption":"H\u00e9l\u00e8ne , Coach Relax"},"sameAs":["http:\/\/www.coachrelax.fr\/blog"]}]}},"_links":{"self":[{"href":"https:\/\/www.coachrelax.fr\/blog\/wp-json\/wp\/v2\/posts\/2793","targetHints":{"allow":["GET"]}}],"collection":[{"href":"https:\/\/www.coachrelax.fr\/blog\/wp-json\/wp\/v2\/posts"}],"about":[{"href":"https:\/\/www.coachrelax.fr\/blog\/wp-json\/wp\/v2\/types\/post"}],"author":[{"embeddable":true,"href":"https:\/\/www.coachrelax.fr\/blog\/wp-json\/wp\/v2\/users\/1"}],"replies":[{"embeddable":true,"href":"https:\/\/www.coachrelax.fr\/blog\/wp-json\/wp\/v2\/comments?post=2793"}],"version-history":[{"count":2,"href":"https:\/\/www.coachrelax.fr\/blog\/wp-json\/wp\/v2\/posts\/2793\/revisions"}],"predecessor-version":[{"id":4265,"href":"https:\/\/www.coachrelax.fr\/blog\/wp-json\/wp\/v2\/posts\/2793\/revisions\/4265"}],"wp:featuredmedia":[{"embeddable":true,"href":"https:\/\/www.coachrelax.fr\/blog\/wp-json\/wp\/v2\/media\/2794"}],"wp:attachment":[{"href":"https:\/\/www.coachrelax.fr\/blog\/wp-json\/wp\/v2\/media?parent=2793"}],"wp:term":[{"taxonomy":"category","embeddable":true,"href":"https:\/\/www.coachrelax.fr\/blog\/wp-json\/wp\/v2\/categories?post=2793"},{"taxonomy":"post_tag","embeddable":true,"href":"https:\/\/www.coachrelax.fr\/blog\/wp-json\/wp\/v2\/tags?post=2793"}],"curies":[{"name":"wp","href":"https:\/\/api.w.org\/{rel}","templated":true}]}}